{"id":3441,"date":"2022-10-17T10:15:56","date_gmt":"2022-10-17T08:15:56","guid":{"rendered":"http:\/\/10.80.100.25\/?p=3441"},"modified":"2022-12-02T13:11:12","modified_gmt":"2022-12-02T12:11:12","slug":"grup-de-dones-vuelven-las-reuniones-del-grup-de-dones","status":"publish","type":"post","link":"https:\/\/www.facepa.org\/en\/grup-de-dones-the-meetings-of-the-grup-de-dones-are-back\/","title":{"rendered":"GRUP DE DONES: The meetings of the Grup de Dones are back"},"content":{"rendered":"<p>Next week, on Tuesday the 25th at 7:00 p.m., the meetings of the Grup de Dones will return!!! After the months of vacation and the launch of the month of September, this FACEPA group that has been in existence for 23 years is reactivated, where a group of women discuss social issues such as gender, ageism or the prevention of violence from respect and dialogic communication.<\/p>\n<p>As you already know, the FACEPA Women&#8217;s Group is a space for equal dialogue between women from different groups, cultures and academic levels where they define and generate their own transformation process.<\/p>\n<p>The task of the Grup de Dones has been recognized by international feminist theory as a clear example of the new feminism of the 21st century, Dialogical Feminism. This feminism collects the voices of all the women who until now had been left on the margins, such as women without academic qualifications, women who have recently arrived or women from non-hegemonic cultures. In this way, they propose a joint struggle based on solidarity to overcome situations of social and gender inequality.<\/p>\n<p>Regarding the training of family members, we are already preparing the first training sessions that will begin to be given shortly. We will keep you informed!<\/p>","protected":false},"excerpt":{"rendered":"<p>Next week, on Tuesday the 25th at 7:00 p.m., the meetings of the Grup de Dones will return!!! After the months of vacation and the launch of the month of&#8230;<\/p>\n","protected":false},"author":4,"featured_media":3443,"comment_status":"open","ping_status":"open","sticky":false,"template":"","format":"standard","meta":{"footnotes":""},"categories":[9],"tags":[],"class_list":["post-3441","post","type-post","status-publish","format-standard","has-post-thumbnail","hentry","category-actualidad"],"yoast_head":"<!-- This site is optimized with the Yoast SEO plugin v23.0 - https:\/\/yoast.com\/wordpress\/plugins\/seo\/ -->\n<title>Vuelven las reuniones del Grup de Dones - Facepa.org<\/title>\n<meta name=\"description\" content=\"El Grup de Dones de es un espacio de di\u00e1logo entre mujeres de diferentes colectivos, culturas y niveles acad\u00e9micos donde definen y generan su propio proceso de transformaci\u00f3n.\" \/>\n<meta name=\"robots\" content=\"index, follow, max-snippet:-1, max-image-preview:large, max-video-preview:-1\" \/>\n<link rel=\"canonical\" href=\"https:\/\/www.facepa.org\/en\/grup-de-dones-vuelven-las-reuniones-del-grup-de-dones\/\" \/>\n<meta property=\"og:locale\" content=\"en_US\" \/>\n<meta property=\"og:type\" content=\"article\" \/>\n<meta property=\"og:title\" content=\"Vuelven las reuniones del Grup de Dones - Facepa.org\" \/>\n<meta property=\"og:description\" content=\"El Grup de Dones de es un espacio de di\u00e1logo entre mujeres de diferentes colectivos, culturas y niveles acad\u00e9micos donde definen y generan su propio proceso de transformaci\u00f3n.\" \/>\n<meta property=\"og:url\" content=\"https:\/\/www.facepa.org\/en\/grup-de-dones-vuelven-las-reuniones-del-grup-de-dones\/\" \/>\n<meta property=\"og:site_name\" content=\"Facepa.org\" \/>\n<meta property=\"article:published_time\" content=\"2022-10-17T08:15:56+00:00\" \/>\n<meta property=\"article:modified_time\" content=\"2022-12-02T12:11:12+00:00\" \/>\n<meta property=\"og:image\" content=\"https:\/\/www.facepa.org\/wp-content\/uploads\/2022\/10\/grup-de-dones.png\" \/>\n\t<meta property=\"og:image:width\" content=\"800\" \/>\n\t<meta property=\"og:image:height\" content=\"600\" \/>\n\t<meta property=\"og:image:type\" content=\"image\/png\" \/>\n<meta name=\"author\" content=\"sysadmin\" \/>\n<meta name=\"twitter:card\" content=\"summary_large_image\" \/>\n<meta name=\"twitter:creator\" content=\"@facepa96\" \/>\n<meta name=\"twitter:site\" content=\"@facepa96\" \/>\n<meta name=\"twitter:label1\" content=\"Written by\" \/>\n\t<meta name=\"twitter:data1\" content=\"sysadmin\" \/>\n\t<meta name=\"twitter:label2\" content=\"Est. reading time\" \/>\n\t<meta name=\"twitter:data2\" content=\"1 minute\" \/>\n<script type=\"application\/ld+json\" class=\"yoast-schema-graph\">{\"@context\":\"https:\/\/schema.org\",\"@graph\":[{\"@type\":\"Article\",\"@id\":\"https:\/\/www.facepa.org\/grup-de-dones-vuelven-las-reuniones-del-grup-de-dones\/#article\",\"isPartOf\":{\"@id\":\"https:\/\/www.facepa.org\/grup-de-dones-vuelven-las-reuniones-del-grup-de-dones\/\"},\"author\":{\"name\":\"sysadmin\",\"@id\":\"https:\/\/www.facepa.org\/#\/schema\/person\/2266fb821583e6aab82d908fe20906f2\"},\"headline\":\"GRUP DE DONES: The meetings of the Grup de Dones are back\",\"datePublished\":\"2022-10-17T08:15:56+00:00\",\"dateModified\":\"2022-12-02T12:11:12+00:00\",\"mainEntityOfPage\":{\"@id\":\"https:\/\/www.facepa.org\/grup-de-dones-vuelven-las-reuniones-del-grup-de-dones\/\"},\"wordCount\":690,\"commentCount\":0,\"publisher\":{\"@id\":\"https:\/\/www.facepa.org\/#organization\"},\"image\":{\"@id\":\"https:\/\/www.facepa.org\/grup-de-dones-vuelven-las-reuniones-del-grup-de-dones\/#primaryimage\"},\"thumbnailUrl\":\"https:\/\/www.facepa.org\/wp-content\/uploads\/2022\/10\/grup-de-dones.png\",\"articleSection\":[\"News\"],\"inLanguage\":\"en-US\",\"potentialAction\":[{\"@type\":\"CommentAction\",\"name\":\"Comment\",\"target\":[\"https:\/\/www.facepa.org\/grup-de-dones-vuelven-las-reuniones-del-grup-de-dones\/#respond\"]}]},{\"@type\":\"WebPage\",\"@id\":\"https:\/\/www.facepa.org\/en\/grup-de-dones-vuelven-las-reuniones-del-grup-de-dones\/\",\"url\":\"https:\/\/www.facepa.org\/en\/grup-de-dones-vuelven-las-reuniones-del-grup-de-dones\/\",\"name\":\"Vuelven las reuniones del Grup de Dones - Facepa.org\",\"isPartOf\":{\"@id\":\"https:\/\/www.facepa.org\/en\/#website\"},\"primaryImageOfPage\":{\"@id\":\"https:\/\/www.facepa.org\/en\/grup-de-dones-vuelven-las-reuniones-del-grup-de-dones\/#primaryimage\"},\"image\":{\"@id\":\"https:\/\/www.facepa.org\/grup-de-dones-vuelven-las-reuniones-del-grup-de-dones\/#primaryimage\"},\"thumbnailUrl\":\"https:\/\/www.facepa.org\/wp-content\/uploads\/2022\/10\/grup-de-dones.png\",\"datePublished\":\"2022-10-17T08:15:56+00:00\",\"dateModified\":\"2022-12-02T12:11:12+00:00\",\"description\":\"El Grup de Dones de es un espacio de di\u00e1logo entre mujeres de diferentes colectivos, culturas y niveles acad\u00e9micos donde definen y generan su propio proceso de transformaci\u00f3n.\",\"inLanguage\":\"en-US\",\"potentialAction\":[{\"@type\":\"ReadAction\",\"target\":[[\"https:\/\/www.facepa.org\/en\/grup-de-dones-vuelven-las-reuniones-del-grup-de-dones\/\"]]}]},{\"@type\":\"ImageObject\",\"inLanguage\":\"en-US\",\"@id\":\"https:\/\/www.facepa.org\/en\/grup-de-dones-vuelven-las-reuniones-del-grup-de-dones\/#primaryimage\",\"url\":\"https:\/\/www.facepa.org\/wp-content\/uploads\/2022\/10\/grup-de-dones.png\",\"contentUrl\":\"https:\/\/www.facepa.org\/wp-content\/uploads\/2022\/10\/grup-de-dones.png\",\"width\":800,\"height\":600,\"caption\":\"Grup de dones\"},{\"@type\":\"WebSite\",\"@id\":\"https:\/\/www.facepa.org\/en\/#website\",\"url\":\"https:\/\/www.facepa.org\/en\/\",\"name\":\"Facepa.org\",\"description\":\"Federaci\u00f3 d&#039;associacions culturals i educatives de persones adultes\",\"publisher\":{\"@id\":\"https:\/\/www.facepa.org\/en\/#organization\"},\"alternateName\":\"Federaci\u00f3 d'associacions culturals i educatives de persones adultes\",\"potentialAction\":[{\"@type\":\"SearchAction\",\"target\":{\"@type\":\"EntryPoint\",\"urlTemplate\":\"https:\/\/www.facepa.org\/en\/?s={search_term_string}\"},\"query-input\":\"required name=search_term_string\"}],\"inLanguage\":\"en-US\"},{\"@type\":\"Organization\",\"@id\":\"https:\/\/www.facepa.org\/en\/#organization\",\"name\":\"FACEPA. Federaci\u00f3 d'associacions culturals i educatives de persones adultes\",\"alternateName\":\"Federaci\u00f3 d'associacions culturals i educatives de persones adultes\",\"url\":\"https:\/\/www.facepa.org\/en\/\",\"logo\":{\"@type\":\"ImageObject\",\"inLanguage\":\"en-US\",\"@id\":\"https:\/\/www.facepa.org\/en\/#\/schema\/logo\/image\/\",\"url\":\"https:\/\/www.facepa.org\/wp-content\/uploads\/2022\/09\/Recurso-1.png\",\"contentUrl\":\"https:\/\/www.facepa.org\/wp-content\/uploads\/2022\/09\/Recurso-1.png\",\"width\":298,\"height\":130,\"caption\":\"FACEPA. Federaci\u00f3 d'associacions culturals i educatives de persones adultes\"},\"image\":{\"@id\":\"https:\/\/www.facepa.org\/en\/#\/schema\/logo\/image\/\"},\"sameAs\":[\"https:\/\/x.com\/facepa96\"]},{\"@type\":\"Person\",\"@id\":\"https:\/\/www.facepa.org\/#\/schema\/person\/2266fb821583e6aab82d908fe20906f2\",\"name\":\"sysadmin\",\"image\":{\"@type\":\"ImageObject\",\"inLanguage\":\"en-US\",\"@id\":\"https:\/\/www.facepa.org\/en\/#\/schema\/person\/image\/\",\"url\":\"https:\/\/secure.gravatar.com\/avatar\/d4a80a298b4d4d7c97503c4110e820165cc1851f8eafe753d679575f2fe16ba0?s=96&d=mm&r=g\",\"contentUrl\":\"https:\/\/secure.gravatar.com\/avatar\/d4a80a298b4d4d7c97503c4110e820165cc1851f8eafe753d679575f2fe16ba0?s=96&d=mm&r=g\",\"caption\":\"sysadmin\"}}]}<\/script>\n<!-- \/ Yoast SEO plugin. -->","yoast_head_json":{"title":"Vuelven las reuniones del Grup de Dones - Facepa.org","description":"El Grup de Dones de es un espacio de di\u00e1logo entre mujeres de diferentes colectivos, culturas y niveles acad\u00e9micos donde definen y generan su propio proceso de transformaci\u00f3n.","robots":{"index":"index","follow":"follow","max-snippet":"max-snippet:-1","max-image-preview":"max-image-preview:large","max-video-preview":"max-video-preview:-1"},"canonical":"https:\/\/www.facepa.org\/en\/grup-de-dones-vuelven-las-reuniones-del-grup-de-dones\/","og_locale":"en_US","og_type":"article","og_title":"Vuelven las reuniones del Grup de Dones - Facepa.org","og_description":"El Grup de Dones de es un espacio de di\u00e1logo entre mujeres de diferentes colectivos, culturas y niveles acad\u00e9micos donde definen y generan su propio proceso de transformaci\u00f3n.","og_url":"https:\/\/www.facepa.org\/en\/grup-de-dones-vuelven-las-reuniones-del-grup-de-dones\/","og_site_name":"Facepa.org","article_published_time":"2022-10-17T08:15:56+00:00","article_modified_time":"2022-12-02T12:11:12+00:00","og_image":[{"width":800,"height":600,"url":"https:\/\/www.facepa.org\/wp-content\/uploads\/2022\/10\/grup-de-dones.png","type":"image\/png"}],"author":"sysadmin","twitter_card":"summary_large_image","twitter_creator":"@facepa96","twitter_site":"@facepa96","twitter_misc":{"Written by":"sysadmin","Est. reading time":"1 minute"},"schema":{"@context":"https:\/\/schema.org","@graph":[{"@type":"Article","@id":"https:\/\/www.facepa.org\/grup-de-dones-vuelven-las-reuniones-del-grup-de-dones\/#article","isPartOf":{"@id":"https:\/\/www.facepa.org\/grup-de-dones-vuelven-las-reuniones-del-grup-de-dones\/"},"author":{"name":"sysadmin","@id":"https:\/\/www.facepa.org\/#\/schema\/person\/2266fb821583e6aab82d908fe20906f2"},"headline":"GRUP DE DONES: The meetings of the Grup de Dones are back","datePublished":"2022-10-17T08:15:56+00:00","dateModified":"2022-12-02T12:11:12+00:00","mainEntityOfPage":{"@id":"https:\/\/www.facepa.org\/grup-de-dones-vuelven-las-reuniones-del-grup-de-dones\/"},"wordCount":690,"commentCount":0,"publisher":{"@id":"https:\/\/www.facepa.org\/#organization"},"image":{"@id":"https:\/\/www.facepa.org\/grup-de-dones-vuelven-las-reuniones-del-grup-de-dones\/#primaryimage"},"thumbnailUrl":"https:\/\/www.facepa.org\/wp-content\/uploads\/2022\/10\/grup-de-dones.png","articleSection":["News"],"inLanguage":"en-US","potentialAction":[{"@type":"CommentAction","name":"Comment","target":["https:\/\/www.facepa.org\/grup-de-dones-vuelven-las-reuniones-del-grup-de-dones\/#respond"]}]},{"@type":"WebPage","@id":"https:\/\/www.facepa.org\/en\/grup-de-dones-vuelven-las-reuniones-del-grup-de-dones\/","url":"https:\/\/www.facepa.org\/en\/grup-de-dones-vuelven-las-reuniones-del-grup-de-dones\/","name":"Vuelven las reuniones del Grup de Dones - Facepa.org","isPartOf":{"@id":"https:\/\/www.facepa.org\/en\/#website"},"primaryImageOfPage":{"@id":"https:\/\/www.facepa.org\/en\/grup-de-dones-vuelven-las-reuniones-del-grup-de-dones\/#primaryimage"},"image":{"@id":"https:\/\/www.facepa.org\/grup-de-dones-vuelven-las-reuniones-del-grup-de-dones\/#primaryimage"},"thumbnailUrl":"https:\/\/www.facepa.org\/wp-content\/uploads\/2022\/10\/grup-de-dones.png","datePublished":"2022-10-17T08:15:56+00:00","dateModified":"2022-12-02T12:11:12+00:00","description":"El Grup de Dones de es un espacio de di\u00e1logo entre mujeres de diferentes colectivos, culturas y niveles acad\u00e9micos donde definen y generan su propio proceso de transformaci\u00f3n.","inLanguage":"en-US","potentialAction":[{"@type":"ReadAction","target":[["https:\/\/www.facepa.org\/en\/grup-de-dones-vuelven-las-reuniones-del-grup-de-dones\/"]]}]},{"@type":"ImageObject","inLanguage":"en-US","@id":"https:\/\/www.facepa.org\/en\/grup-de-dones-vuelven-las-reuniones-del-grup-de-dones\/#primaryimage","url":"https:\/\/www.facepa.org\/wp-content\/uploads\/2022\/10\/grup-de-dones.png","contentUrl":"https:\/\/www.facepa.org\/wp-content\/uploads\/2022\/10\/grup-de-dones.png","width":800,"height":600,"caption":"Grup de dones"},{"@type":"WebSite","@id":"https:\/\/www.facepa.org\/en\/#website","url":"https:\/\/www.facepa.org\/en\/","name":"Facepa.org","description":"Federaci\u00f3 d&#039;associacions culturals i educatives de persones adultes","publisher":{"@id":"https:\/\/www.facepa.org\/en\/#organization"},"alternateName":"Federaci\u00f3 d'associacions culturals i educatives de persones adultes","potentialAction":[{"@type":"SearchAction","target":{"@type":"EntryPoint","urlTemplate":"https:\/\/www.facepa.org\/en\/?s={search_term_string}"},"query-input":"required name=search_term_string"}],"inLanguage":"en-US"},{"@type":"Organization","@id":"https:\/\/www.facepa.org\/en\/#organization","name":"FACEPA. Federaci\u00f3 d'associacions culturals i educatives de persones adultes","alternateName":"Federaci\u00f3 d'associacions culturals i educatives de persones adultes","url":"https:\/\/www.facepa.org\/en\/","logo":{"@type":"ImageObject","inLanguage":"en-US","@id":"https:\/\/www.facepa.org\/en\/#\/schema\/logo\/image\/","url":"https:\/\/www.facepa.org\/wp-content\/uploads\/2022\/09\/Recurso-1.png","contentUrl":"https:\/\/www.facepa.org\/wp-content\/uploads\/2022\/09\/Recurso-1.png","width":298,"height":130,"caption":"FACEPA. Federaci\u00f3 d'associacions culturals i educatives de persones adultes"},"image":{"@id":"https:\/\/www.facepa.org\/en\/#\/schema\/logo\/image\/"},"sameAs":["https:\/\/x.com\/facepa96"]},{"@type":"Person","@id":"https:\/\/www.facepa.org\/#\/schema\/person\/2266fb821583e6aab82d908fe20906f2","name":"sysadmin","image":{"@type":"ImageObject","inLanguage":"en-US","@id":"https:\/\/www.facepa.org\/en\/#\/schema\/person\/image\/","url":"https:\/\/secure.gravatar.com\/avatar\/d4a80a298b4d4d7c97503c4110e820165cc1851f8eafe753d679575f2fe16ba0?s=96&d=mm&r=g","contentUrl":"https:\/\/secure.gravatar.com\/avatar\/d4a80a298b4d4d7c97503c4110e820165cc1851f8eafe753d679575f2fe16ba0?s=96&d=mm&r=g","caption":"sysadmin"}}]}},"_links":{"self":[{"href":"https:\/\/www.facepa.org\/en\/wp-json\/wp\/v2\/posts\/3441","targetHints":{"allow":["GET"]}}],"collection":[{"href":"https:\/\/www.facepa.org\/en\/wp-json\/wp\/v2\/posts"}],"about":[{"href":"https:\/\/www.facepa.org\/en\/wp-json\/wp\/v2\/types\/post"}],"author":[{"embeddable":true,"href":"https:\/\/www.facepa.org\/en\/wp-json\/wp\/v2\/users\/4"}],"replies":[{"embeddable":true,"href":"https:\/\/www.facepa.org\/en\/wp-json\/wp\/v2\/comments?post=3441"}],"version-history":[{"count":1,"href":"https:\/\/www.facepa.org\/en\/wp-json\/wp\/v2\/posts\/3441\/revisions"}],"predecessor-version":[{"id":3442,"href":"https:\/\/www.facepa.org\/en\/wp-json\/wp\/v2\/posts\/3441\/revisions\/3442"}],"wp:featuredmedia":[{"embeddable":true,"href":"https:\/\/www.facepa.org\/en\/wp-json\/wp\/v2\/media\/3443"}],"wp:attachment":[{"href":"https:\/\/www.facepa.org\/en\/wp-json\/wp\/v2\/media?parent=3441"}],"wp:term":[{"taxonomy":"category","embeddable":true,"href":"https:\/\/www.facepa.org\/en\/wp-json\/wp\/v2\/categories?post=3441"},{"taxonomy":"post_tag","embeddable":true,"href":"https:\/\/www.facepa.org\/en\/wp-json\/wp\/v2\/tags?post=3441"}],"curies":[{"name":"wp","href":"https:\/\/api.w.org\/{rel}","templated":true}]}}